{"id":729,"date":"2022-05-24T07:27:00","date_gmt":"2022-05-24T05:27:00","guid":{"rendered":"https:\/\/kanbanprzykawie.pl\/?p=729"},"modified":"2022-06-21T08:20:28","modified_gmt":"2022-06-21T06:20:28","slug":"odcinek-43-kanban-w-twojej-branzy-badania-kliniczne","status":"publish","type":"post","link":"https:\/\/kanbanprzykawie.pl\/index.php\/2022\/05\/24\/odcinek-43-kanban-w-twojej-branzy-badania-kliniczne\/","title":{"rendered":"Odcinek 43. Kanban w Twojej bran\u017cy &#8211; badania kliniczne"},"content":{"rendered":"\n<p>Kolejny odcinek z serii &#8222;Kanban w Twojej bran\u017cy&#8221; si\u0119ga w obszary, z kt\u00f3rymi mo\u017cecie nie kojarzy\u0107 Metody Kanban. Dzi\u015b opowiadamy przypadek u\u017cycia praktyk Kanbanu w bran\u017cy bada\u0144 klinicznych! Tak, zupe\u0142nie co\u015b poza typowym softwarem. Pos\u0142uchajcie rozmowy z Rafa\u0142em Lewandowskim, kt\u00f3ry wspiera tzw. W\u0142a\u015bcicieli Proces\u00f3w w doskonaleniu bada\u0144 klinicznych w firmie Pratia, nale\u017c\u0105cej do grupy Neuca.<\/p>\n\n\n\n<!--more-->\n\n\n\n<h2 class=\"wp-block-heading\">Kanban poza IT? Tak i to bardzo daleko!<\/h2>\n\n\n\n<p>Gdy my\u015blimy o zastosowaniu Kanbanu nadal wi\u0119kszo\u015b\u0107 os\u00f3b kojarzy t\u0119 metod\u0119 z bran\u017c\u0105 IT. Dzi\u015b przedstawiamy jednak histori\u0119 si\u0119gaj\u0105c\u0105 bardzo daleko poza obszary wytwarzania oprogramowania. Mowa bowiem o jednej z najwi\u0119kszych w Polsce firm zajmuj\u0105cych si\u0119 m.in. produkcj\u0105 czy dystrybucj\u0105 lek\u00f3w, a nale\u017c\u0105 do niej firma prowadzi badania kliniczne. O tym jak podej\u015bcie procesowe, wizualizacja kolejnych etap\u00f3w pracy pomagaj\u0105 w takich dzia\u0142ania opowiada mi <a href=\"https:\/\/www.linkedin.com\/in\/rafa%C5%82lewandowski1981\/\" target=\"_blank\" rel=\"noreferrer noopener\">Rafa\u0142 Lewandowski<\/a> &#8211; specjalista Lean, kt\u00f3ry z powodzeniem w kilku miejscach stosuje r\u00f3wnie\u017c Metod\u0119 Kanban. W firmie Pratia zaj\u0105\u0142 si\u0119 wyci\u0105gni\u0119ciem procesu bada\u0144 klinicznych w celu usprawnienia ich koordynacji w\u0142a\u015bnie za pomoc\u0105 tablic i praktyk Kanbanu. Rafa\u0142 jest r\u00f3wnie\u017c absolwentem pierwszej w Polsce \u015bcie\u017cki Kanban Coaching Professional.<\/p>\n\n\n\n<h2 class=\"wp-block-heading\">Brzmi ciekawie? Zapraszam do wywiadu!<\/h2>\n\n\n\n<iframe loading=\"lazy\" width=\"100%\" height=\"300\" scrolling=\"no\" frameborder=\"no\" allow=\"autoplay\" src=\"https:\/\/w.soundcloud.com\/player\/?url=https%3A\/\/api.soundcloud.com\/tracks\/1223701771%3Fsecret_token%3Ds-sM2gwIfmCEd&amp;color=%23ff5500&amp;auto_play=false&amp;hide_related=true&amp;show_comments=false&amp;show_user=true&amp;show_reposts=false&amp;show_teaser=false&amp;visual=true\"><\/iframe><div style=\"font-size: 10px; color: #cccccc;line-break: anywhere;word-break: normal;overflow: hidden;white-space: nowrap;text-overflow: ellipsis; font-family: Interstate,Lucida Grande,Lucida Sans Unicode,Lucida Sans,Garuda,Verdana,Tahoma,sans-serif;font-weight: 100;\"><a href=\"https:\/\/soundcloud.com\/kanbanprzykawie\" title=\"Kanban przy kawie\" target=\"_blank\" style=\"color: #cccccc; text-decoration: none;\" rel=\"noopener\">Kanban przy kawie<\/a> \u00b7 <a href=\"https:\/\/soundcloud.com\/kanbanprzykawie\/43-kanban-w-badaniach-klinicznych\/s-sM2gwIfmCEd\" title=\"43. Kanban w badaniach klinicznych\" target=\"_blank\" style=\"color: #cccccc; text-decoration: none;\" rel=\"noopener\">43. Kanban w badaniach klinicznych<\/a><\/div>\n\n\n\n<figure class=\"wp-block-image size-large\"><img data-recalc-dims=\"1\" loading=\"lazy\" decoding=\"async\" width=\"750\" height=\"563\" src=\"https:\/\/i0.wp.com\/kanbanprzykawie.pl\/wp-content\/uploads\/2022\/03\/Paper.Journal.205-1024x768.png?resize=750%2C563&#038;ssl=1\" alt=\"Kanban mo\u017ce pom\u00f3c r\u00f3wnie\u017c w organizacji i koordynacji proces\u00f3w zwi\u0105zanych w badaniami klinicznymi lek\u00f3w. Opowiada o tym Rafa\u0142 Lewandowski.\" class=\"wp-image-736\" srcset=\"https:\/\/i0.wp.com\/kanbanprzykawie.pl\/wp-content\/uploads\/2022\/03\/Paper.Journal.205.png?resize=1024%2C768&amp;ssl=1 1024w, https:\/\/i0.wp.com\/kanbanprzykawie.pl\/wp-content\/uploads\/2022\/03\/Paper.Journal.205.png?resize=300%2C225&amp;ssl=1 300w, https:\/\/i0.wp.com\/kanbanprzykawie.pl\/wp-content\/uploads\/2022\/03\/Paper.Journal.205.png?resize=768%2C576&amp;ssl=1 768w, https:\/\/i0.wp.com\/kanbanprzykawie.pl\/wp-content\/uploads\/2022\/03\/Paper.Journal.205.png?resize=1536%2C1152&amp;ssl=1 1536w, https:\/\/i0.wp.com\/kanbanprzykawie.pl\/wp-content\/uploads\/2022\/03\/Paper.Journal.205.png?resize=2048%2C1536&amp;ssl=1 2048w\" sizes=\"auto, (max-width: 750px) 100vw, 750px\" \/><\/figure>\n\n\n\n<h2 class=\"wp-block-heading\">Nadal na tablicy analogowej!<\/h2>\n\n\n\n<p>Historia, jak\u0105 dzieli si\u0119 Rafa\u0142 to r\u00f3wnie\u017c ciekawostka dla wszystkich, kt\u00f3rzy s\u0105dz\u0105, \u017ce czasy analogowych tablic czy \u015bcian mamy ju\u017c za sob\u0105. Praca piel\u0119gniarek czy lekarzy, to co\u015b, co nadal odbywa si\u0119 w fizycznym \u015bwiecie i tej pracy nie da si\u0119 &#8222;uzdalni\u0107&#8221;. St\u0105d w opisywanej historii uczestnicy procesu s\u0105 zwykle w jednym miejscu i \u015bledz\u0105 swoj\u0105 prac\u0119 standardow\u0105 tablic\u0105 czy nawet \u015bcian\u0105.<\/p>\n\n\n\n<h2 class=\"wp-block-heading\">Gdzie jeszcze?<\/h2>\n\n\n\n<p>Jestem ciekaw, czy znacie inne nietypowe miejsca, gdzie stosuje si\u0119 Kanban? Zapraszamy do podzielenia si\u0119 Waszymi przypadkami. Je\u015bli odcinek ten, nawet jako ciekawostka dostarczy\u0142 Wam warto\u015bci to zapraszam do podzielenia si\u0119 nim!<\/p>\n\n\n\n<div class=\"wp-block-wpzoom-blocks-social-icons is-style-with-canvas-round\" style=\"--wpz-social-icons-block-item-font-size:20px;--wpz-social-icons-block-item-padding-horizontal:10px;--wpz-social-icons-block-item-padding-vertical:10px;--wpz-social-icons-block-item-margin-horizontal:5px;--wpz-social-icons-block-item-margin-vertical:5px;--wpz-social-icons-block-item-border-radius:50px;--wpz-social-icons-block-label-font-size:20px;--wpz-social-icons-block-label-color:#2e3131;--wpz-social-icons-block-label-color-hover:#2e3131;--wpz-social-icons-alignment:flex-start\"><a href=\"https:\/\/facebook.com\" class=\"social-icon-link\" style=\"--wpz-social-icons-block-item-color:#1877F2;--wpz-social-icons-block-item-color-hover:#1877F2\" target=\"_blank\" rel=\"noopener\"><span class=\"social-icon socicon socicon-facebook\"><\/span><\/a><a href=\"https:\/\/twitter.com\" class=\"social-icon-link\" style=\"--wpz-social-icons-block-item-color:#1da1f2;--wpz-social-icons-block-item-color-hover:#1da1f2\" target=\"_blank\" rel=\"noopener\"><span class=\"social-icon socicon socicon-twitter\"><\/span><\/a><a href=\"https:\/\/instagram.com\" class=\"social-icon-link\" style=\"--wpz-social-icons-block-item-color:#E4405F;--wpz-social-icons-block-item-color-hover:#E4405F\" target=\"_blank\" rel=\"noopener\"><span class=\"social-icon socicon socicon-instagram\"><\/span><\/a><\/div>\n","protected":false},"excerpt":{"rendered":"<p>Kolejny odcinek z serii &#8222;Kanban w Twojej bran\u017cy&#8221; si\u0119ga w obszary, z kt\u00f3rymi mo\u017cecie nie kojarzy\u0107 Metody Kanban. Dzi\u015b opowiadamy przypadek u\u017cycia praktyk Kanbanu w bran\u017cy bada\u0144 klinicznych! Tak, zupe\u0142nie [&hellip;]<\/p>\n","protected":false},"author":1,"featured_media":731,"comment_status":"open","ping_status":"open","sticky":false,"template":"","format":"standard","meta":{"_jetpack_memberships_contains_paid_content":false,"footnotes":"","jetpack_publicize_message":"","jetpack_publicize_feature_enabled":true,"jetpack_social_post_already_shared":true,"jetpack_social_options":{"image_generator_settings":{"template":"highway","default_image_id":0,"font":"","enabled":false},"version":2}},"categories":[90,8,2],"tags":[91,6,26],"class_list":["post-729","post","type-post","status-publish","format-standard","has-post-thumbnail","hentry","category-case-study","category-podcast","category-wywiad","tag-badania-kliniczne","tag-kanban","tag-podcast"],"jetpack_publicize_connections":[],"jetpack_featured_media_url":"https:\/\/i0.wp.com\/kanbanprzykawie.pl\/wp-content\/uploads\/2022\/03\/Podcast-43-okladka.png?fit=900%2C900&ssl=1","jetpack_sharing_enabled":true,"_links":{"self":[{"href":"https:\/\/kanbanprzykawie.pl\/index.php\/wp-json\/wp\/v2\/posts\/729","targetHints":{"allow":["GET"]}}],"collection":[{"href":"https:\/\/kanbanprzykawie.pl\/index.php\/wp-json\/wp\/v2\/posts"}],"about":[{"href":"https:\/\/kanbanprzykawie.pl\/index.php\/wp-json\/wp\/v2\/types\/post"}],"author":[{"embeddable":true,"href":"https:\/\/kanbanprzykawie.pl\/index.php\/wp-json\/wp\/v2\/users\/1"}],"replies":[{"embeddable":true,"href":"https:\/\/kanbanprzykawie.pl\/index.php\/wp-json\/wp\/v2\/comments?post=729"}],"version-history":[{"count":6,"href":"https:\/\/kanbanprzykawie.pl\/index.php\/wp-json\/wp\/v2\/posts\/729\/revisions"}],"predecessor-version":[{"id":776,"href":"https:\/\/kanbanprzykawie.pl\/index.php\/wp-json\/wp\/v2\/posts\/729\/revisions\/776"}],"wp:featuredmedia":[{"embeddable":true,"href":"https:\/\/kanbanprzykawie.pl\/index.php\/wp-json\/wp\/v2\/media\/731"}],"wp:attachment":[{"href":"https:\/\/kanbanprzykawie.pl\/index.php\/wp-json\/wp\/v2\/media?parent=729"}],"wp:term":[{"taxonomy":"category","embeddable":true,"href":"https:\/\/kanbanprzykawie.pl\/index.php\/wp-json\/wp\/v2\/categories?post=729"},{"taxonomy":"post_tag","embeddable":true,"href":"https:\/\/kanbanprzykawie.pl\/index.php\/wp-json\/wp\/v2\/tags?post=729"}],"curies":[{"name":"wp","href":"https:\/\/api.w.org\/{rel}","templated":true}]}}